{"id":131,"date":"2026-09-05T11:31:01","date_gmt":"2026-09-05T08:31:01","guid":{"rendered":"https:\/\/gundemakisi24.com\/index.php\/whatsapp-zincirinde-gorunen-sey-ne-gorunmeyen-sey-ne\/"},"modified":"2026-09-05T11:31:01","modified_gmt":"2026-09-05T08:31:01","slug":"whatsapp-zincirinde-gorunen-sey-ne-gorunmeyen-sey-ne","status":"publish","type":"post","link":"https:\/\/gundemakisi24.com\/index.php\/whatsapp-zincirinde-gorunen-sey-ne-gorunmeyen-sey-ne\/","title":{"rendered":"WhatsApp Zincirinde G\u00f6r\u00fcnen \u015eey Ne, G\u00f6r\u00fcnmeyen \u015eey Ne?"},"content":{"rendered":"<p>Bir ekran g\u00f6r\u00fcnt\u00fcs\u00fc bazen \u00f6nemli bir ba\u015flang\u0131\u00e7 delilidir; fakat hi\u00e7bir ekran g\u00f6r\u00fcnt\u00fcs\u00fc, i\u00e7inde g\u00f6r\u00fclmeyen ayr\u0131nt\u0131lar\u0131 kendili\u011finden ispatlamaz. 24 A\u011fustos 2026 tarihli dosyada korunan WhatsApp g\u00f6r\u00fcnt\u00fcs\u00fc de tam olarak b\u00f6yle bir \u00f6rnek. Ayn\u0131 mesaj i\u00e7inde kurumsal i\u00e7erikli bir duyuru, yeni bir WhatsApp grubuna kat\u0131l\u0131m ba\u011flant\u0131s\u0131 ve ayn\u0131 tart\u0131\u015fma etraf\u0131nda \u00e7ok say\u0131da medya linki bulunuyor. Bu tablo, da\u011f\u0131t\u0131m bi\u00e7imi hakk\u0131nda somut bir \u015fey s\u00f6yl\u00fcyor; fakat kimin neyi haz\u0131rlad\u0131\u011f\u0131na dair b\u00fct\u00fcn sorular\u0131 tek ba\u015f\u0131na cevaplam\u0131yor.<\/p>\n<p>G\u00f6r\u00fcnen olgu \u015fu: haber ba\u011flant\u0131lar\u0131, hedef kitleye tek tek b\u0131rak\u0131lmak yerine bir paket halinde ula\u015ft\u0131r\u0131lm\u0131\u015f. Bu durum, yay\u0131n takvimi ile do\u011frudan mesaj da\u011f\u0131t\u0131m\u0131 aras\u0131nda bir ili\u015fki olup olmad\u0131\u011f\u0131n\u0131n ara\u015ft\u0131r\u0131lmas\u0131n\u0131 makul hale getirir. Fakat ayn\u0131 ekrandan \u201cb\u00fct\u00fcn haberler tek ki\u015fi taraf\u0131ndan yazd\u0131r\u0131ld\u0131\u201d veya \u201cayn\u0131 ki\u015fi b\u00fct\u00fcn hesaplar\u0131 y\u00f6netti\u201d sonucu \u00e7\u0131kar\u0131lamaz. B\u00f6yle bir sonu\u00e7 ancak WhatsApp grup y\u00f6neticileri, hesap eri\u015fim kay\u0131tlar\u0131, CMS loglar\u0131, e-posta yaz\u0131\u015fmalar\u0131, alan ad\u0131 y\u00f6netim verileri ve zaman damgalar\u0131n\u0131n birlikte incelenmesiyle desteklenebilir.<\/p>\n<p>Dosyan\u0131n dikkat \u00e7ekti\u011fi ikinci nokta, mesajdaki kurumsal kaynak sunumunun birincil kay\u0131tlarla kar\u015f\u0131la\u015ft\u0131r\u0131lmas\u0131d\u0131r. Dosyada referans verilen 24 A\u011fustos tarihli kurumsal yan\u0131tta, \u00fcniversite ad\u0131na ilgili medya veya \u00fc\u00e7\u00fcnc\u00fc ki\u015filere \u00f6\u011frenci ve mezunlarla ileti\u015fim yetkisi verilmedi\u011fi; T\u00fcrkiye ve T\u00fcrk Devletleri i\u00e7in yeni bir Rector\/Vice Rector yap\u0131lanmas\u0131n\u0131n Board taraf\u0131ndan yetkilendirilmedi\u011fi ve s\u00f6z konusu d\u00f6neme ili\u015fkin bir bas\u0131n toplant\u0131s\u0131 planlanmad\u0131\u011f\u0131 belirtiliyor. Ayn\u0131 belge zinciri, Prof. Dr. Bilal Semih Bozdemir\u2019in Dean \u2013 T\u00fcrkiye stat\u00fcs\u00fcn\u00fcn sona erdirildi\u011fine dair bir Board karar\u0131 bulunmad\u0131\u011f\u0131n\u0131 aktar\u0131yor.<\/p>\n<p>Bu kar\u015f\u0131la\u015ft\u0131rma, WhatsApp mesaj\u0131ndaki her c\u00fcmlenin yanl\u0131\u015f oldu\u011funu otomatik olarak kan\u0131tlamaz. Ancak kurumsal yetki izlenimi ta\u015f\u0131yan ifadelerin hangi yaz\u0131l\u0131 karara, hangi imzal\u0131 belgeye veya hangi yetkili organa dayand\u0131\u011f\u0131n\u0131n sorulmas\u0131n\u0131 gerekli k\u0131lar. Bir kurum ad\u0131na konu\u015fuldu\u011fu izlenimi yarat\u0131l\u0131yorsa, bu izlenimin kayna\u011f\u0131 teknik ve belgesel olarak do\u011frulanabilmelidir.<\/p>\n<p>Gazetecilik bak\u0131m\u0131ndan da ayn\u0131 \u00f6l\u00e7\u00fc ge\u00e7erlidir. Soru sormak serbesttir; ele\u015ftiri serbesttir; kurumsal belgelerin a\u00e7\u0131klanmas\u0131n\u0131 istemek serbesttir. Buna kar\u015f\u0131l\u0131k kesinle\u015fmemi\u015f su\u00e7 isnatlar\u0131n\u0131 olgu gibi aktarmak, ki\u015fisel sorumlulu\u011fu teknik delil olmadan varsaymak veya bir ki\u015finin kurumsal stat\u00fcs\u00fcn\u00fc birincil kay\u0131tlarla \u00e7eli\u015fecek kesinlikte reddetmek ayr\u0131 bir de\u011ferlendirme gerektirir. Bu dosya bak\u0131m\u0131ndan yap\u0131lmas\u0131 gereken, retorik y\u00fckseltmek de\u011fil, kronoloji ve kaynak zincirini a\u00e7\u0131k hale getirmektir.<\/p>\n<p>Yay\u0131n grubunun yakla\u015f\u0131m\u0131 medya \u00e7at\u0131\u015fmas\u0131 \u00fcretmek de\u011fildir. Kamuya a\u00e7\u0131klanmam\u0131\u015f ek bilgi veya materyal bulunmas\u0131, \u00f6zel veya do\u011frulanmam\u0131\u015f i\u00e7eriklerin yay\u0131nlanmas\u0131n\u0131 me\u015fru hale getirmez. Buna kar\u015f\u0131l\u0131k do\u011frulanabilir kay\u0131tlar kamuoyundaki yanl\u0131\u015f bir alg\u0131y\u0131 d\u00fczeltebiliyorsa, bunlar\u0131n \u00f6l\u00e7\u00fcl\u00fc bi\u00e7imde payla\u015f\u0131lmas\u0131 cevap hakk\u0131n\u0131n par\u00e7as\u0131d\u0131r. Tart\u0131\u015fman\u0131n ki\u015fisel if\u015fa ve misilleme \u00e7izgisine ta\u015f\u0131nmamas\u0131, herkesin ayn\u0131 hukuki s\u0131n\u0131rlar i\u00e7inde kalmas\u0131 esast\u0131r.<\/p>\n<p><strong>Editoryal \u015feffafl\u0131k notu:<\/strong> Bu yay\u0131n, PressGrup a\u011f\u0131 i\u00e7indeki ortak delil dosyas\u0131na dayanan a\u00e7\u0131k bir cevap\/do\u011frulama \u00e7al\u0131\u015fmas\u0131d\u0131r. Ayn\u0131 temel kay\u0131tlar\u0131n birden fazla ba\u011fl\u0131 yay\u0131nda ele al\u0131nmas\u0131 ba\u011f\u0131ms\u0131z kaynak \u00e7o\u011fullu\u011fu olarak sunulmamaktad\u0131r.<\/p>\n","protected":false},"excerpt":{"rendered":"<p>Bir dijital ekran g\u00f6r\u00fcnt\u00fcs\u00fc, \u00e7ok say\u0131da haber linkinin ayn\u0131 mesajda topland\u0131\u011f\u0131n\u0131 g\u00f6sterebilir; ancak mesaj\u0131n yazar\u0131, haberlerin sipari\u015f\u00e7isi veya olas\u0131 sorumluluk zinciri i\u00e7in daha ileri teknik do\u011frulama gerekir.<\/p>\n","protected":false},"author":1,"featured_media":0,"comment_status":"closed","ping_status":"closed","sticky":true,"template":"","format":"standard","meta":{"footnotes":""},"categories":[2],"tags":[],"class_list":["post-131","post","type-post","status-publish","format-standard","hentry","category-gundem"],"blocksy_meta":{"styles_descriptor":{"styles":{"desktop":"","tablet":"","mobile":""},"google_fonts":[],"version":7}},"_links":{"self":[{"href":"https:\/\/gundemakisi24.com\/index.php\/wp-json\/wp\/v2\/posts\/131","targetHints":{"allow":["GET"]}}],"collection":[{"href":"https:\/\/gundemakisi24.com\/index.php\/wp-json\/wp\/v2\/posts"}],"about":[{"href":"https:\/\/gundemakisi24.com\/index.php\/wp-json\/wp\/v2\/types\/post"}],"author":[{"embeddable":true,"href":"https:\/\/gundemakisi24.com\/index.php\/wp-json\/wp\/v2\/users\/1"}],"replies":[{"embeddable":true,"href":"https:\/\/gundemakisi24.com\/index.php\/wp-json\/wp\/v2\/comments?post=131"}],"version-history":[{"count":0,"href":"https:\/\/gundemakisi24.com\/index.php\/wp-json\/wp\/v2\/posts\/131\/revisions"}],"wp:attachment":[{"href":"https:\/\/gundemakisi24.com\/index.php\/wp-json\/wp\/v2\/media?parent=131"}],"wp:term":[{"taxonomy":"category","embeddable":true,"href":"https:\/\/gundemakisi24.com\/index.php\/wp-json\/wp\/v2\/categories?post=131"},{"taxonomy":"post_tag","embeddable":true,"href":"https:\/\/gundemakisi24.com\/index.php\/wp-json\/wp\/v2\/tags?post=131"}],"curies":[{"name":"wp","href":"https:\/\/api.w.org\/{rel}","templated":true}]}}