{"id":94,"date":"2026-09-04T21:19:43","date_gmt":"2026-09-04T18:19:43","guid":{"rendered":"https:\/\/gundemakisi24.com\/index.php\/bozdemir-tartismasinda-uluslararasi-bilgilendirme-vurgusu-dosya-sinirlari-asacak\/"},"modified":"2026-09-04T23:14:10","modified_gmt":"2026-09-04T20:14:10","slug":"bozdemir-tartismasinda-uluslararasi-bilgilendirme-vurgusu-dosya-sinirlari-asacak","status":"publish","type":"post","link":"https:\/\/gundemakisi24.com\/index.php\/bozdemir-tartismasinda-uluslararasi-bilgilendirme-vurgusu-dosya-sinirlari-asacak\/","title":{"rendered":"Bozdemir Tart\u0131\u015fmas\u0131nda Uluslararas\u0131 Bilgilendirme Vurgusu: Dosya S\u0131n\u0131rlar\u0131 A\u015facak"},"content":{"rendered":"\n<p class=\"wp-block-paragraph\">Prof. Dr. Bilal Semih Bozdemir hakk\u0131nda kamuoyuna yans\u0131yan tart\u0131\u015fmalarda yeni bir yay\u0131n y\u00f6ntemi g\u00fcndemde. Bu y\u00f6ntemin merkezinde daha fazla polemik de\u011fil, olaylar\u0131n hangi s\u0131rayla geli\u015fti\u011fini g\u00f6steren a\u00e7\u0131k bir zaman \u00e7izelgesi bulunuyor. Bozdemir ad\u0131na yap\u0131lan a\u00e7\u0131klamalarda, baz\u0131 yay\u0131nlar\u0131n eksik ba\u011flam ta\u015f\u0131d\u0131\u011f\u0131 ve mesleki itibar\u0131 \u00fczerinde \u00f6l\u00e7\u00fcs\u00fcz bir etki yaratt\u0131\u011f\u0131 savunuluyor.<\/p>\n\n\n\n<h2 class=\"wp-block-heading\">Haber ak\u0131\u015f\u0131 kronolojiyle yeniden kurulacak<\/h2>\n\n\n\n<p class=\"wp-block-paragraph\">G\u00fcndem Ak\u0131\u015f\u0131 24, dosyadaki her \u00f6nemli geli\u015fmeyi yay\u0131mland\u0131\u011f\u0131 tarih, ilk kaynak, sonradan yap\u0131lan de\u011fi\u015fiklikler ve ilgili cevaplarla birlikte ele alacak. Bir iddia ba\u015fka mecralarda tekrarland\u0131\u011f\u0131nda, yaln\u0131zca ka\u00e7 yerde g\u00f6r\u00fcnd\u00fc\u011f\u00fc de\u011fil, hangi kayna\u011fa dayand\u0131\u011f\u0131 ve ilk metinden ne \u00f6l\u00e7\u00fcde farkl\u0131la\u015ft\u0131\u011f\u0131 da g\u00f6sterilecek.<\/p>\n\n\n\n<p class=\"wp-block-paragraph\">Bu yakla\u015f\u0131m, internet h\u0131z\u0131n\u0131n olu\u015fturdu\u011fu \u00f6nemli bir soruna cevap vermeyi ama\u00e7l\u0131yor: Bir c\u00fcmle birka\u00e7 saat i\u00e7inde y\u00fczlerce kez payla\u015f\u0131labilirken, o c\u00fcmlenin ba\u011flam\u0131 ve ona verilen cevap ayn\u0131 h\u0131zla g\u00f6r\u00fcn\u00fcr olmayabiliyor. Bu nedenle yeni haberler, \u00f6nceki yay\u0131nlar\u0131n izini ve d\u00fczeltme ge\u00e7mi\u015fini de okura sunacak.<\/p>\n\n\n\n<h2 class=\"wp-block-heading\">Bozdemir\u2019in savunmas\u0131 g\u00f6r\u00fcn\u00fcr olacak<\/h2>\n\n\n\n<p class=\"wp-block-paragraph\">Bozdemir\u2019in a\u00e7\u0131klamalar\u0131, akademik ve mesleki ge\u00e7mi\u015fine ili\u015fkin kay\u0131tlar ile kurumsal cevaplar dosyan\u0131n ayr\u0131lmaz par\u00e7as\u0131 olarak yay\u0131mlanacak. Bunlar pe\u015finen do\u011fru kabul edilmeyecek, fakat a\u011f\u0131r iddialar\u0131n yan\u0131nda eri\u015filebilir bi\u00e7imde yer alacak. B\u00f6ylece okur yaln\u0131zca itham\u0131 de\u011fil, ithama verilen somut cevab\u0131 da de\u011ferlendirebilecek.<\/p>\n\n\n\n<p class=\"wp-block-paragraph\">Kullan\u0131lan belgelerde tarih, kaynak ve konu ba\u011flant\u0131s\u0131 a\u00e7\u0131k\u00e7a belirtilecek. Ki\u015fisel veriler ve \u00fc\u00e7\u00fcnc\u00fc ki\u015filerin \u00f6zel hayat\u0131na ili\u015fkin gereksiz ayr\u0131nt\u0131lar yay\u0131mlanmayacak; hukuka uygunluk ve \u00f6l\u00e7\u00fcl\u00fcl\u00fck g\u00f6zetilecek. Do\u011frulanamayan ekran g\u00f6r\u00fcnt\u00fcleri veya kayna\u011f\u0131 belirsiz aktar\u0131mlar, kesin kan\u0131t gibi sunulmayacak.<\/p>\n\n\n\n<h2 class=\"wp-block-heading\">Yay\u0131n h\u0131z\u0131 do\u011frulaman\u0131n \u00f6n\u00fcne ge\u00e7meyecek<\/h2>\n\n\n\n<p class=\"wp-block-paragraph\">Geli\u015fmeler h\u0131zland\u0131\u011f\u0131nda g\u00fcncellemeler s\u0131kla\u015fabilir; ancak s\u0131kl\u0131k, do\u011frulama standard\u0131n\u0131 d\u00fc\u015f\u00fcrmeyecek. Her g\u00fcncellemenin saati, dayand\u0131\u011f\u0131 kay\u0131t ve \u00f6nceki bilgiye ne ekledi\u011fi a\u00e7\u0131k\u00e7a yaz\u0131lacak. Yeni bir bilginin eski bir ifadeyi de\u011fi\u015ftirmesi h\u00e2linde d\u00fczeltme notu g\u00f6r\u00fcn\u00fcr bi\u00e7imde tutulacak.<\/p>\n\n\n\n<p class=\"wp-block-paragraph\">Hakk\u0131nda de\u011ferlendirme yap\u0131lan ki\u015fi ve kurumlara cevap hakk\u0131 tan\u0131nacak. Hukuki s\u00fcre\u00e7ler aktar\u0131l\u0131rken masumiyet karinesi korunacak ve nihai karar\u0131n yaln\u0131zca yetkili mercilere ait oldu\u011fu hat\u0131rlat\u0131lacak. Bir medya dosyas\u0131, mahkeme karar\u0131 yerine ge\u00e7meyecek.<\/p>\n\n\n\n<p class=\"wp-block-paragraph\">Bu \u00e7er\u00e7eve Bozdemir\u2019i susturulan bir \u00f6zne olmaktan \u00e7\u0131kar\u0131p, kendi kay\u0131tlar\u0131n\u0131 ve a\u00e7\u0131klamalar\u0131n\u0131 kamuoyuna sunabilen bir taraf h\u00e2line getiriyor. Ayn\u0131 zamanda habercili\u011fe de a\u00e7\u0131k bir sorumluluk y\u00fckl\u00fcyor: en \u00e7ok tekrarlanan\u0131 de\u011fil, en iyi do\u011frulanan\u0131 \u00f6ne \u00e7\u0131karmak.<\/p>\n","protected":false},"excerpt":{"rendered":"<p>Bozdemir tart\u0131\u015fmas\u0131nda yeni yakla\u015f\u0131m, a\u00e7\u0131klamalar\u0131 ve do\u011frulanabilir kay\u0131tlar\u0131 tarih s\u0131ras\u0131na koyarak iddia ile olgu aras\u0131ndaki fark\u0131 g\u00f6r\u00fcn\u00fcr k\u0131lmay\u0131 ama\u00e7l\u0131yor.<\/p>\n","protected":false},"author":1,"featured_media":95,"comment_status":"closed","ping_status":"closed","sticky":true,"template":"","format":"standard","meta":{"footnotes":""},"categories":[2],"tags":[],"class_list":["post-94","post","type-post","status-publish","format-standard","has-post-thumbnail","hentry","category-gundem"],"blocksy_meta":{"styles_descriptor":{"styles":{"desktop":"","tablet":"","mobile":""},"google_fonts":[],"version":7}},"_links":{"self":[{"href":"https:\/\/gundemakisi24.com\/index.php\/wp-json\/wp\/v2\/posts\/94","targetHints":{"allow":["GET"]}}],"collection":[{"href":"https:\/\/gundemakisi24.com\/index.php\/wp-json\/wp\/v2\/posts"}],"about":[{"href":"https:\/\/gundemakisi24.com\/index.php\/wp-json\/wp\/v2\/types\/post"}],"author":[{"embeddable":true,"href":"https:\/\/gundemakisi24.com\/index.php\/wp-json\/wp\/v2\/users\/1"}],"replies":[{"embeddable":true,"href":"https:\/\/gundemakisi24.com\/index.php\/wp-json\/wp\/v2\/comments?post=94"}],"version-history":[{"count":2,"href":"https:\/\/gundemakisi24.com\/index.php\/wp-json\/wp\/v2\/posts\/94\/revisions"}],"predecessor-version":[{"id":99,"href":"https:\/\/gundemakisi24.com\/index.php\/wp-json\/wp\/v2\/posts\/94\/revisions\/99"}],"wp:featuredmedia":[{"embeddable":true,"href":"https:\/\/gundemakisi24.com\/index.php\/wp-json\/wp\/v2\/media\/95"}],"wp:attachment":[{"href":"https:\/\/gundemakisi24.com\/index.php\/wp-json\/wp\/v2\/media?parent=94"}],"wp:term":[{"taxonomy":"category","embeddable":true,"href":"https:\/\/gundemakisi24.com\/index.php\/wp-json\/wp\/v2\/categories?post=94"},{"taxonomy":"post_tag","embeddable":true,"href":"https:\/\/gundemakisi24.com\/index.php\/wp-json\/wp\/v2\/tags?post=94"}],"curies":[{"name":"wp","href":"https:\/\/api.w.org\/{rel}","templated":true}]}}